{"id":4857,"date":"2020-02-10T07:52:48","date_gmt":"2020-02-10T12:52:48","guid":{"rendered":"http:\/\/www.anciensita.ca\/saint-hyacinthe\/?p=4857"},"modified":"2023-01-25T20:58:47","modified_gmt":"2023-01-26T01:58:47","slug":"le-merite-technologique-agroalimentaire-2020-a-m-luc-morissette-diplome-de-lita","status":"publish","type":"post","link":"https:\/\/www.anciensita.ca\/saint-hyacinthe\/le-merite-technologique-agroalimentaire-2020-a-m-luc-morissette-diplome-de-lita\/","title":{"rendered":"Le M\u00e9rite technologique agroalimentaire 2020 \u00e0 M. Luc Morissette, dipl\u00f4m\u00e9 de l\u2019ITA"},"content":{"rendered":"<figure id=\"attachment_4860\" aria-describedby=\"caption-attachment-4860\" style=\"width: 560px\" class=\"wp-caption aligncenter\"><img loading=\"lazy\" decoding=\"async\" class=\"wp-image-4860 size-full\" src=\"https:\/\/www.anciensita.ca\/saint-hyacinthe\/wp-content\/uploads\/2020\/02\/Merite-technologique-2020-Luc-Morissette.jpg\" alt=\"\" width=\"560\" height=\"372\" srcset=\"https:\/\/www.anciensita.ca\/saint-hyacinthe\/wp-content\/uploads\/2020\/02\/Merite-technologique-2020-Luc-Morissette.jpg 560w, https:\/\/www.anciensita.ca\/saint-hyacinthe\/wp-content\/uploads\/2020\/02\/Merite-technologique-2020-Luc-Morissette-300x199.jpg 300w, https:\/\/www.anciensita.ca\/saint-hyacinthe\/wp-content\/uploads\/2020\/02\/Merite-technologique-2020-Luc-Morissette-480x319.jpg 480w\" sizes=\"auto, (max-width: 560px) 100vw, 560px\" \/><figcaption id=\"caption-attachment-4860\" class=\"wp-caption-text\">M. Luc Morissette est entour\u00e9 \u00e0 sa gauche de Mme Val\u00e9rie Lacasse, directrice adjointe de la formation continue et de la promotion \u00e0 l\u2019ITA et \u00e0 sa droite par M. Vincent Giasson, pr\u00e9sident de l&rsquo;ATA<\/figcaption><\/figure>\n<p>Le M\u00e9rite technologique agroalimentaire 2020 a \u00e9t\u00e9 d\u00e9cern\u00e9 \u00e0 M.\u00a0Luc Morissette, dipl\u00f4m\u00e9 en g\u00e9nie rural de l\u2019Institut de technologie agroalimentaire (ITA), campus de Saint-Hyacinthe, de la promotion de 1977. Cet honneur lui a \u00e9t\u00e9 accord\u00e9 le 15\u00a0janvier dernier \u00e0 l\u2019occasion du 21e\u00a0d\u00e9jeuner-conf\u00e9rence de l\u2019Association des technologues en agroalimentaire (ATA) qui se d\u00e9roulait au Centre BMO en marge du Salon de l\u2019agriculture. L\u2019ITA, c\u2019est marquant\u00a0!<\/p>\n","protected":false},"excerpt":{"rendered":"<p>Le M\u00e9rite technologique agroalimentaire 2020 a \u00e9t\u00e9 d\u00e9cern\u00e9 \u00e0 M.\u00a0Luc Morissette, dipl\u00f4m\u00e9 en g\u00e9nie rural de l\u2019Institut de technologie agroalimentaire (ITA), campus de Saint-Hyacinthe, de la promotion de 1977. Cet honneur lui a \u00e9t\u00e9 accord\u00e9 le 15\u00a0janvier dernier \u00e0 l\u2019occasion du 21e\u00a0d\u00e9jeuner-conf\u00e9rence de l\u2019Association des technologues en agroalimentaire (ATA) qui se d\u00e9roulait au Centre BMO&hellip;&nbsp;<a href=\"https:\/\/www.anciensita.ca\/saint-hyacinthe\/le-merite-technologique-agroalimentaire-2020-a-m-luc-morissette-diplome-de-lita\/\" rel=\"bookmark\">Lire la suite &raquo;<span class=\"screen-reader-text\">Le M\u00e9rite technologique agroalimentaire 2020 \u00e0 M. Luc Morissette, dipl\u00f4m\u00e9 de l\u2019ITA<\/span><\/a><\/p>\n","protected":false},"author":1,"featured_media":0,"comment_status":"open","ping_status":"closed","sticky":false,"template":"","format":"standard","meta":{"neve_meta_sidebar":"","neve_meta_container":"","neve_meta_enable_content_width":"","neve_meta_content_width":0,"neve_meta_title_alignment":"","neve_meta_author_avatar":"","neve_post_elements_order":"","neve_meta_disable_header":"","neve_meta_disable_footer":"","neve_meta_disable_title":"","_themeisle_gutenberg_block_has_review":false,"footnotes":""},"categories":[38,40],"tags":[],"class_list":["post-4857","post","type-post","status-publish","format-standard","hentry","category-portrait","category-prix"],"_links":{"self":[{"href":"https:\/\/www.anciensita.ca\/saint-hyacinthe\/wp-json\/wp\/v2\/posts\/4857","targetHints":{"allow":["GET"]}}],"collection":[{"href":"https:\/\/www.anciensita.ca\/saint-hyacinthe\/wp-json\/wp\/v2\/posts"}],"about":[{"href":"https:\/\/www.anciensita.ca\/saint-hyacinthe\/wp-json\/wp\/v2\/types\/post"}],"author":[{"embeddable":true,"href":"https:\/\/www.anciensita.ca\/saint-hyacinthe\/wp-json\/wp\/v2\/users\/1"}],"replies":[{"embeddable":true,"href":"https:\/\/www.anciensita.ca\/saint-hyacinthe\/wp-json\/wp\/v2\/comments?post=4857"}],"version-history":[{"count":3,"href":"https:\/\/www.anciensita.ca\/saint-hyacinthe\/wp-json\/wp\/v2\/posts\/4857\/revisions"}],"predecessor-version":[{"id":6809,"href":"https:\/\/www.anciensita.ca\/saint-hyacinthe\/wp-json\/wp\/v2\/posts\/4857\/revisions\/6809"}],"wp:attachment":[{"href":"https:\/\/www.anciensita.ca\/saint-hyacinthe\/wp-json\/wp\/v2\/media?parent=4857"}],"wp:term":[{"taxonomy":"category","embeddable":true,"href":"https:\/\/www.anciensita.ca\/saint-hyacinthe\/wp-json\/wp\/v2\/categories?post=4857"},{"taxonomy":"post_tag","embeddable":true,"href":"https:\/\/www.anciensita.ca\/saint-hyacinthe\/wp-json\/wp\/v2\/tags?post=4857"}],"curies":[{"name":"wp","href":"https:\/\/api.w.org\/{rel}","templated":true}]}}