{"id":5968,"date":"2022-04-26T07:07:06","date_gmt":"2022-04-26T12:07:06","guid":{"rendered":"http:\/\/www.anciensita.ca\/saint-hyacinthe\/?p=5968"},"modified":"2023-01-24T16:11:33","modified_gmt":"2023-01-24T21:11:33","slug":"portrait-danciens-guy-boyer-zootechnologie-1983","status":"publish","type":"post","link":"https:\/\/www.anciensita.ca\/saint-hyacinthe\/portrait-danciens-guy-boyer-zootechnologie-1983\/","title":{"rendered":"Portrait d\u2019ancien : Guy Boyer, Zootechnologie 1983"},"content":{"rendered":"\n<h3 class=\"wp-block-heading\"><b>Un dipl\u00f4me et la passion peut mener loin!<\/b><\/h3>\n\n\n<div class=\"wp-block-image\">\n<figure class=\"alignleft\"><img loading=\"lazy\" decoding=\"async\" width=\"300\" height=\"300\" src=\"https:\/\/www.anciensita.ca\/saint-hyacinthe\/wp-content\/uploads\/2022\/04\/guy-boyer-300x300.jpg\" alt=\"\" class=\"wp-image-5971\" srcset=\"https:\/\/www.anciensita.ca\/saint-hyacinthe\/wp-content\/uploads\/2022\/04\/guy-boyer-300x300.jpg 300w, https:\/\/www.anciensita.ca\/saint-hyacinthe\/wp-content\/uploads\/2022\/04\/guy-boyer-100x100.jpg 100w, https:\/\/www.anciensita.ca\/saint-hyacinthe\/wp-content\/uploads\/2022\/04\/guy-boyer-150x150.jpg 150w, https:\/\/www.anciensita.ca\/saint-hyacinthe\/wp-content\/uploads\/2022\/04\/guy-boyer-480x480.jpg 480w, https:\/\/www.anciensita.ca\/saint-hyacinthe\/wp-content\/uploads\/2022\/04\/guy-boyer.jpg 600w\" sizes=\"auto, (max-width: 300px) 100vw, 300px\" \/><\/figure>\n<\/div>\n\n\n<p>En janvier 2022, Guy Boyer prend sa retraite en tant que directeur des ventes et services chez Lactanet, apr\u00e8s 38 1\/2 ans de carri\u00e8re dans le contr\u00f4le laitier.<\/p>\n\n\n\n<p>Lactanet est reconnue comme \u00e9tant la premi\u00e8re source de solutions de gestion des troupeaux, d\u2019informations g\u00e9n\u00e9tiques, de logiciels, d\u2019outils, de services et de connaissances pour les producteurs laitiers et les partenaires de l\u2019industrie.<\/p>\n\n\n\n<p>Guy occupait ce poste depuis septembre 2018. Mais, avant d\u2019acc\u00e9der \u00e0 ce poste, le cheminement de Guy d\u00e9bute sur la ferme laiti\u00e8re familiale \u00ab Denboy \u00bb de Vaudreuil o\u00f9 il s\u2019initie \u00e0 l\u2019industrie laiti\u00e8re et \u00e0 l\u2019\u00e9levage.<\/p>\n\n\n\n<p>Les ann\u00e9es 1980 \u00e0 1983 l\u2019am\u00e8nent \u00e0 l\u2019ITA de Saint-Hyacinthe, pour une formation en Zootechnologie. Guy devient ainsi conseiller au P.A.T.L.Q., r\u00e9alisant son r\u00eave d\u2019\u00e9tudiant. Le P.A.T.L.Q. est devenu Valacta (1996) et par la suite Lactanet (2019).<\/p>\n\n\n\n<p>Fier ambassadeur de l\u2019entreprise, Il gravit les \u00e9chelons tout au long de sa carri\u00e8re.<\/p>\n\n\n\n<p>En 1987, il est nomm\u00e9 g\u00e9rant du district de l\u2019Estrie. Le territoire s\u2019agrandit en 1989 avec la Mont\u00e9r\u00e9gie.<\/p>\n\n\n\n<p>De 1996 \u00e0 2018, Guy est directeur r\u00e9gional de la Mont\u00e9r\u00e9gie, de l\u2019Estrie et de l\u2019Abitibi-T\u00e9miscaminque pour le contr\u00f4le laitier Valacta, avec le mandat de la gestion du personnel, la gestion des ventes, le d\u00e9veloppement des affaires et la gestion et \u00e9laboration du budget r\u00e9gional. Guy a d\u00e9velopp\u00e9 de nouveaux services aux producteurs laitiers tel; le conseil en qualit\u00e9 du lait et validation Pro-Action. Orient\u00e9 vers les r\u00e9sultats, cela l\u2019am\u00e8ne \u00e0 la direction des ventes et des services de Valacta pour le Qu\u00e9bec et les Maritimes en 2018.<\/p>\n\n\n\n<p>Guy s\u2019est toujours impliqu\u00e9 dans le milieu agricole, \u00e0 l\u2019ITA sous diff\u00e9rents mandats et dans sa municipalit\u00e9 ou des organisations sportives.<\/p>\n\n\n\n<p>Depuis 2006, il si\u00e8ge sur le Comit\u00e9 \u00c9cole Industrie &#8211; Programme Technologies en productions animales de l\u2019ITA. Il a aussi ag\u00eet comme mentor aupr\u00e8s des \u00e9tudiants du programme.<\/p>\n\n\n\n<p>Membre du CA de l\u2019Association des Technologues en Agro-Alimentaire de 1993 \u00e0 1998. Il participe, pendant 19 ans, \u00e0 l\u2019organisation du tournoi de Golf de l\u2019Ouest de l\u2019ATA.<\/p>\n\n\n<div class=\"wp-block-image\">\n<figure class=\"alignleft\"><img loading=\"lazy\" decoding=\"async\" width=\"150\" height=\"150\" src=\"https:\/\/www.anciensita.ca\/saint-hyacinthe\/wp-content\/uploads\/2022\/04\/LorraineDore-150x150.jpg\" alt=\"\" class=\"wp-image-5972\" srcset=\"https:\/\/www.anciensita.ca\/saint-hyacinthe\/wp-content\/uploads\/2022\/04\/LorraineDore-150x150.jpg 150w, https:\/\/www.anciensita.ca\/saint-hyacinthe\/wp-content\/uploads\/2022\/04\/LorraineDore-300x300.jpg 300w, https:\/\/www.anciensita.ca\/saint-hyacinthe\/wp-content\/uploads\/2022\/04\/LorraineDore-100x100.jpg 100w, https:\/\/www.anciensita.ca\/saint-hyacinthe\/wp-content\/uploads\/2022\/04\/LorraineDore.jpg 363w\" sizes=\"auto, (max-width: 150px) 100vw, 150px\" \/><\/figure>\n<\/div>\n\n\n<p>Guy a \u00e9t\u00e9 secr\u00e9taire du club Holstein de Shefford, puis membre du comit\u00e9 organisateur de la convention Holstein Canada 2004 et du Pique-nique provincial Holstein en 2010 et en 2013.<\/p>\n\n\n\n<p>Membre du comit\u00e9 des Grandes Retrouvailles du 50i\u00e8me de L&rsquo;ITA de St-Hyacinthe en 2012.<\/p>\n\n\n\n<p>Mari\u00e9 \u00e0 Lorraine Dor\u00e9, dipl\u00f4m\u00e9e en G\u00e9nie industriel alimentaire de l\u2019ITA en 1985. Ils sont parents de 4 enfants et grands-parents de 3 petit-enfants. Assur\u00e9ment, une retraite bien m\u00e9rit\u00e9e, tout aussi occup\u00e9e \u00e0 de nouvelles activit\u00e9s autant sportives que familiales.<\/p>\n\n\n\n<p><em>Bernard Arpin dta 1972<\/em><\/p>\n","protected":false},"excerpt":{"rendered":"<p>Un dipl\u00f4me et la passion peut mener loin! En janvier 2022, Guy Boyer prend sa retraite en tant que directeur des ventes et services chez Lactanet, apr\u00e8s 38 1\/2 ans de carri\u00e8re dans le contr\u00f4le laitier. Lactanet est reconnue comme \u00e9tant la premi\u00e8re source de solutions de gestion des troupeaux, d\u2019informations g\u00e9n\u00e9tiques, de logiciels, d\u2019outils,&hellip;&nbsp;<a href=\"https:\/\/www.anciensita.ca\/saint-hyacinthe\/portrait-danciens-guy-boyer-zootechnologie-1983\/\" rel=\"bookmark\">Lire la suite &raquo;<span class=\"screen-reader-text\">Portrait d\u2019ancien : Guy Boyer, Zootechnologie 1983<\/span><\/a><\/p>\n","protected":false},"author":1,"featured_media":0,"comment_status":"open","ping_status":"closed","sticky":false,"template":"","format":"standard","meta":{"neve_meta_sidebar":"","neve_meta_container":"","neve_meta_enable_content_width":"","neve_meta_content_width":0,"neve_meta_title_alignment":"","neve_meta_author_avatar":"","neve_post_elements_order":"","neve_meta_disable_header":"","neve_meta_disable_footer":"","neve_meta_disable_title":"","_themeisle_gutenberg_block_has_review":false,"footnotes":""},"categories":[38],"tags":[],"class_list":["post-5968","post","type-post","status-publish","format-standard","hentry","category-portrait"],"_links":{"self":[{"href":"https:\/\/www.anciensita.ca\/saint-hyacinthe\/wp-json\/wp\/v2\/posts\/5968","targetHints":{"allow":["GET"]}}],"collection":[{"href":"https:\/\/www.anciensita.ca\/saint-hyacinthe\/wp-json\/wp\/v2\/posts"}],"about":[{"href":"https:\/\/www.anciensita.ca\/saint-hyacinthe\/wp-json\/wp\/v2\/types\/post"}],"author":[{"embeddable":true,"href":"https:\/\/www.anciensita.ca\/saint-hyacinthe\/wp-json\/wp\/v2\/users\/1"}],"replies":[{"embeddable":true,"href":"https:\/\/www.anciensita.ca\/saint-hyacinthe\/wp-json\/wp\/v2\/comments?post=5968"}],"version-history":[{"count":4,"href":"https:\/\/www.anciensita.ca\/saint-hyacinthe\/wp-json\/wp\/v2\/posts\/5968\/revisions"}],"predecessor-version":[{"id":6589,"href":"https:\/\/www.anciensita.ca\/saint-hyacinthe\/wp-json\/wp\/v2\/posts\/5968\/revisions\/6589"}],"wp:attachment":[{"href":"https:\/\/www.anciensita.ca\/saint-hyacinthe\/wp-json\/wp\/v2\/media?parent=5968"}],"wp:term":[{"taxonomy":"category","embeddable":true,"href":"https:\/\/www.anciensita.ca\/saint-hyacinthe\/wp-json\/wp\/v2\/categories?post=5968"},{"taxonomy":"post_tag","embeddable":true,"href":"https:\/\/www.anciensita.ca\/saint-hyacinthe\/wp-json\/wp\/v2\/tags?post=5968"}],"curies":[{"name":"wp","href":"https:\/\/api.w.org\/{rel}","templated":true}]}}