{"id":6215,"date":"2015-12-12T15:33:00","date_gmt":"2015-12-12T20:33:00","guid":{"rendered":"http:\/\/www.anciensita.ca\/saint-hyacinthe\/?p=6215"},"modified":"2023-01-25T17:22:09","modified_gmt":"2023-01-25T22:22:09","slug":"reconnaissance-du-milieu-andre-campeau","status":"publish","type":"post","link":"https:\/\/www.anciensita.ca\/saint-hyacinthe\/reconnaissance-du-milieu-andre-campeau\/","title":{"rendered":"Reconnaissance du milieu : Andr\u00e9 Campeau"},"content":{"rendered":"<figure id=\"attachment_871\" aria-describedby=\"caption-attachment-871\" style=\"width: 336px\" class=\"wp-caption alignleft\"><img loading=\"lazy\" decoding=\"async\" class=\"wp-image-871 size-full\" src=\"https:\/\/www.anciensita.ca\/saint-hyacinthe\/wp-content\/uploads\/2014\/09\/Copie-de-Andr\u00e9-Campeau.jpg\" alt=\"Andr\u00e9 Campeau\" width=\"336\" height=\"393\" srcset=\"https:\/\/www.anciensita.ca\/saint-hyacinthe\/wp-content\/uploads\/2014\/09\/Copie-de-Andr\u00e9-Campeau.jpg 336w, https:\/\/www.anciensita.ca\/saint-hyacinthe\/wp-content\/uploads\/2014\/09\/Copie-de-Andr\u00e9-Campeau-256x300.jpg 256w\" sizes=\"auto, (max-width: 336px) 100vw, 336px\" \/><figcaption id=\"caption-attachment-871\" class=\"wp-caption-text\">Andr\u00e9 Campeau<\/figcaption><\/figure>\n<h2>Un ancien de l\u2019ITA qui fait office de pionnier et de b\u00e2tisseur<\/h2>\n<p>Nombreux sont ceux et celles qui sont pass\u00e9es par l\u2019ITA-St-Hyacinthe et qui ont rayonn\u00e9 dans leur milieu. Monsieur Andr\u00e9 Campeau, dipl\u00f4m\u00e9-1974 en technologie alimentaire fait assur\u00e9ment partie de ces gens qui ont eu un effet marquant dans leur milieu.Il est aujourd\u2019hui pr\u00e9sident du conseil d\u2019administration et co-fondateur de la premi\u00e8re Maison Familiale Rurale en Am\u00e9rique du Nord et situ\u00e9e \u00e0 Romain pr\u00e8s de Lac-M\u00e9gantic . Cette \u00e9cole accueille des \u00e9l\u00e8ves de la troisi\u00e8me \u00e0 la cinqui\u00e8me secondaire de toutes les r\u00e9gions du Qu\u00e9bec et leur prodigue une formation agricole et foresti\u00e8re incluant la production ac\u00e9ricole.<br \/>\nNatif de Courcelles, \u00e0 la fronti\u00e8re de la Beauce et de l\u2019Estrie, Andr\u00e9 Campeau a toujours \u00e9t\u00e9 tr\u00e8s impliqu\u00e9 dans son milieu. Au sortir de l\u2019ITA en 1974, il a repris la ferme familiale avec son fr\u00e8re Gilles. En 1995, il est membre du Syndicat de base de l\u2019UPA et avec un groupe d\u2019agro-forestier dont notamment Marc Bellavance (aussi de l\u2019ITA), il proc\u00e8de \u00e0 la mise en place d\u2019un comit\u00e9 agro-forestier dans la MRC du Granit sous l\u2019\u00e9gide de ce qui allait devenir les CLD.<\/p>\n<p>\u00c0 la suite d\u2019une journ\u00e9e de planification strat\u00e9gique tenue alors et regroupant l\u2019ensemble des secteurs d\u2019activit\u00e9 de la MRC du Granit , il ressort que l\u2019enjeu principal \u00e9tait l\u2019importance qu\u2019il fallait accorder \u00e0 la formation. Avec l\u2019aide du commissaire agro-forestier Daniel Lambert, Andr\u00e9 Campeau examine diff\u00e9rentes avenues. Cette recherche les am\u00e8ne en 1997 \u00e0 faire un voyage de prospection en France o\u00f9 ils sont mis en contact avec les Maisons Familiales Rurales (MFR), concept d\u00e9j\u00e0 implant\u00e9 dans l\u2019Hexagone.<\/p>\n<p>Andr\u00e9 Campeau, alors tr\u00e8s impliqu\u00e9 dans la F\u00e9d\u00e9ration des producteurs de lait obtient un support important de l\u2019UPA notamment de l\u2019ex-pr\u00e9sident Jacques Proulx. Un an plus tard, M. Campeau participe \u00e0 la mise en place d\u2019une coop\u00e9rative de solidarit\u00e9 qui prendra en charge la premi\u00e8re Maison Familiale Rurale sur le continent. L\u2019\u00e9cole devient un centre de formation g\u00e9n\u00e9rale et professionnelle qui s\u2019adresse \u00e0 des \u00e9l\u00e8ves de la 3e, 4e et 5e secondaire, int\u00e9ress\u00e9s par l\u2019agriculture et la foresterie. On offre ainsi \u00e0 des jeunes une fa\u00e7on alternative de terminer leurs \u00e9tudes secondaires alors qu\u2019ils pourraient \u00eatre tent\u00e9s d\u2019abandonner les classes. Depuis 14 ans maintenant, plus de 500 jeunes ont ainsi obtenu leur dipl\u00f4me de la Maison Familiale Rurale du Granit.<\/p>\n<div id=\"attachment_872\" class=\"wp-caption alignright\">\n<p><img loading=\"lazy\" decoding=\"async\" class=\"size-full wp-image-872\" src=\"https:\/\/www.anciensita.ca\/saint-hyacinthe\/wp-content\/uploads\/2014\/09\/Copie-de-inauguration-0121.jpg\" sizes=\"auto, (max-width: 448px) 100vw, 448px\" srcset=\"https:\/\/www.anciensita.ca\/saint-hyacinthe\/wp-content\/uploads\/2014\/09\/Copie-de-inauguration-0121.jpg 448w, https:\/\/www.anciensita.ca\/saint-hyacinthe\/wp-content\/uploads\/2014\/09\/Copie-de-inauguration-0121-300x224.jpg 300w\" alt=\"Andr\u00e9 Campeau \" width=\"448\" height=\"336\" aria-describedby=\"caption-attachment-872\" \/><\/p>\n<p id=\"caption-attachment-872\" class=\"wp-caption-text\">Andr\u00e9 Campeau au centre lors de l\u2019inauguration de l\u2019agrandissement de la MFR<\/p>\n<\/div>\n<p>Le succ\u00e8s de la MFR du Granit inspire et suscite beaucoup d\u2019int\u00e9r\u00eats de la part d\u2019organismes et de r\u00e9gions rurales. En 2004, une deuxi\u00e8me Maison familiale rurale voit le jour dans la r\u00e9gion du Lac M\u00e9gantic, territoire desservi par la commission scolaire des Hauts-Canton. Apr\u00e8s quelques ann\u00e9es, les op\u00e9rations sont transf\u00e9r\u00e9es \u00e0 la MFR du Granit. Puis ce sera \u00e0 Alexis-des-Monts et \u00e0 St-Albert dans l\u2019Est ontarien. Suivront Kamouraska, Rivi\u00e8re-du-Loup, T\u00e9miscouata, Les Basques et m\u00eame une premi\u00e8re Maison Familiale Rurale autochtone dans la r\u00e9serve de Mashteuiatsh au Lac-Saint-Jean. L\u2019initiative de M. Campeau a donc certainement marqu\u00e9 le milieu de la formation, bien au-del\u00e0 du besoin qui avait \u00e9t\u00e9 initialement identifi\u00e9 dans sa r\u00e9gion.<\/p>\n<p><strong>L\u2019ITA dans le c\u0153ur<\/strong><\/p>\n<p>Comme beaucoup d\u2019\u00e9tudiants, Andr\u00e9 Campeau conserve un souvenir m\u00e9morable de son passage \u00e0 l\u2019ITA. Plus qu\u2019une \u00e9cole de formation, l\u2019Institut de Saint-Hyacinthe a \u00e9t\u00e9 pour lui et ses amis, comme une seconde famille. Malgr\u00e9 sa hantise des math\u00e9matiques, Andr\u00e9 Campeau se souvient tr\u00e8s bien des cours de math\u00e9matiques de MM. Hermel Fournier et Michel Lerman. La veille d\u2019un examen, Andr\u00e9 Campeau travaillant et studieux aimait bien donner des explications sur l\u2019int\u00e9gral et le diff\u00e9rentiel \u00e0 ses proches amis et colocs Marc Bellavance, Jean-Marie-Gigu\u00e8re et Michel Charland. Par contre, il vouait un culte particulier aux cours de M. L\u00e9o O. Emard qui a enseign\u00e9 entre autres la microbiologie , le contr\u00f4le microbiologique alimentaire et la fermentation et sous la gouverne de qui, il a d\u2019ailleurs r\u00e9alis\u00e9 un voyage en France avec un groupe d\u2019\u00e9tudiants.<\/p>\n<p><strong>Talents culinaires \u2026 t\u00e9l\u00e9phoniques<\/strong><\/p>\n<p>Andr\u00e9 Campeau et ses trois amis-colocs ne pouvaient \u00e9videmment pas retourner dans leurs familles \u00e0 toutes les fins de semaine. Selon ses amis, Andr\u00e9 avait des talents culinaires plut\u00f4t limit\u00e9s mais une connaissance parfaite du num\u00e9ro de t\u00e9l\u00e9phone de Roma Pizza. Il \u00e9tait ainsi devenu un tr\u00e8s bon client pour l\u2019\u00e9tablissement, au point o\u00f9 on reconnaissait facilement sa voix au t\u00e9l\u00e9phone : \u00ab Oui bonjour M. Campeau\u2026 \u00bb Il lui est m\u00eame arriv\u00e9 de commander une pizza \u00e0 trois reprises dans la m\u00eame journ\u00e9e : une le midi, une pour souper et une autre apr\u00e8s la Soir\u00e9e du hockey.<br \/>\nC\u2019est aussi un peu et probablement gr\u00e2ce \u00e0 l\u2019ITA que Andr\u00e9 Campeau a connu celle qui allait partager sa vie. Lorsqu\u2019il retournait dans sa famille en autobus, il devait effectuer un transfert \u00e0 Sherbrooke. Un de ses colocs, Marc Bellavance connaissait d\u00e9j\u00e0 Gis\u00e8le Cameron pour avoir fr\u00e9quent\u00e9 la m\u00eame \u00e9cole qu\u2019elle plusieurs ann\u00e9es plus t\u00f4t. Lors d\u2019un transfert d\u2019autobus \u00e0 Sherbrooke, ils se sont crois\u00e9s. Marc les a pr\u00e9sent\u00e9 l\u2019un \u00e0 l\u2019autre et la soudure s\u2019est faite \u00e9ventuellement.<br \/>\nC\u2019est donc l\u2019engagement qui a marqu\u00e9 une bonne partie de la vie de Andr\u00e9 Campeau qui demeure par ailleurs attach\u00e9 aux liens form\u00e9s lors de son passage \u00e0 l\u2019ITA de St-Hyacinthe. Ses trois ex-coll\u00e8gues d\u2019appartement et lui se revoient d\u2019ailleurs r\u00e9guli\u00e8rement et \u00e9changent souvenirs et anecdotes reli\u00e9s \u00e0 l\u2019ITA. Un autre passage marquant \u00e0 l\u2019ITA de St-Hyacinthe.<br \/>\n<em>Maurice Fillion<\/em><br \/>\n<em>Ont collabor\u00e9 \u00e0 ce texte : Marc Bellavance, Jean-Marie-Gigu\u00e8re et Michel Charland<\/em><\/p>\n","protected":false},"excerpt":{"rendered":"<p>Un ancien de l\u2019ITA qui fait office de pionnier et de b\u00e2tisseur Nombreux sont ceux et celles qui sont pass\u00e9es par l\u2019ITA-St-Hyacinthe et qui ont rayonn\u00e9 dans leur milieu. Monsieur Andr\u00e9 Campeau, dipl\u00f4m\u00e9-1974 en technologie alimentaire fait assur\u00e9ment partie de ces gens qui ont eu un effet marquant dans leur milieu.Il est aujourd\u2019hui pr\u00e9sident du&hellip;&nbsp;<a href=\"https:\/\/www.anciensita.ca\/saint-hyacinthe\/reconnaissance-du-milieu-andre-campeau\/\" rel=\"bookmark\">Lire la suite &raquo;<span class=\"screen-reader-text\">Reconnaissance du milieu : Andr\u00e9 Campeau<\/span><\/a><\/p>\n","protected":false},"author":1,"featured_media":871,"comment_status":"open","ping_status":"closed","sticky":false,"template":"","format":"standard","meta":{"neve_meta_sidebar":"","neve_meta_container":"","neve_meta_enable_content_width":"","neve_meta_content_width":0,"neve_meta_title_alignment":"","neve_meta_author_avatar":"","neve_post_elements_order":"","neve_meta_disable_header":"","neve_meta_disable_footer":"","neve_meta_disable_title":"","_themeisle_gutenberg_block_has_review":false,"footnotes":""},"categories":[38],"tags":[],"class_list":["post-6215","post","type-post","status-publish","format-standard","has-post-thumbnail","hentry","category-portrait"],"_links":{"self":[{"href":"https:\/\/www.anciensita.ca\/saint-hyacinthe\/wp-json\/wp\/v2\/posts\/6215","targetHints":{"allow":["GET"]}}],"collection":[{"href":"https:\/\/www.anciensita.ca\/saint-hyacinthe\/wp-json\/wp\/v2\/posts"}],"about":[{"href":"https:\/\/www.anciensita.ca\/saint-hyacinthe\/wp-json\/wp\/v2\/types\/post"}],"author":[{"embeddable":true,"href":"https:\/\/www.anciensita.ca\/saint-hyacinthe\/wp-json\/wp\/v2\/users\/1"}],"replies":[{"embeddable":true,"href":"https:\/\/www.anciensita.ca\/saint-hyacinthe\/wp-json\/wp\/v2\/comments?post=6215"}],"version-history":[{"count":4,"href":"https:\/\/www.anciensita.ca\/saint-hyacinthe\/wp-json\/wp\/v2\/posts\/6215\/revisions"}],"predecessor-version":[{"id":6783,"href":"https:\/\/www.anciensita.ca\/saint-hyacinthe\/wp-json\/wp\/v2\/posts\/6215\/revisions\/6783"}],"wp:featuredmedia":[{"embeddable":true,"href":"https:\/\/www.anciensita.ca\/saint-hyacinthe\/wp-json\/wp\/v2\/media\/871"}],"wp:attachment":[{"href":"https:\/\/www.anciensita.ca\/saint-hyacinthe\/wp-json\/wp\/v2\/media?parent=6215"}],"wp:term":[{"taxonomy":"category","embeddable":true,"href":"https:\/\/www.anciensita.ca\/saint-hyacinthe\/wp-json\/wp\/v2\/categories?post=6215"},{"taxonomy":"post_tag","embeddable":true,"href":"https:\/\/www.anciensita.ca\/saint-hyacinthe\/wp-json\/wp\/v2\/tags?post=6215"}],"curies":[{"name":"wp","href":"https:\/\/api.w.org\/{rel}","templated":true}]}}