{"id":7654,"date":"2024-02-12T07:23:54","date_gmt":"2024-02-12T12:23:54","guid":{"rendered":"https:\/\/www.anciensita.ca\/saint-hyacinthe\/?p=7654"},"modified":"2024-02-12T07:23:58","modified_gmt":"2024-02-12T12:23:58","slug":"portrait-dancienne-sandra-dagenais","status":"publish","type":"post","link":"https:\/\/www.anciensita.ca\/saint-hyacinthe\/portrait-dancienne-sandra-dagenais\/","title":{"rendered":"Portrait d\u2019ancienne &#8211; Sandra Dagenais"},"content":{"rendered":"\n<p><strong>En partenariat avec l\u2019Association des technologues en agroalimentaire inc. (ATA)<\/strong><\/p>\n\n\n\n<p>Le M\u00e9rite technologique agroalimentaire 2024 a \u00e9t\u00e9 d\u00e9cern\u00e9 \u00e0 Madame Sandra Dagenais, dipl\u00f4m\u00e9e en 1987 de l\u2019Institut de technologie agroalimentaire du Qu\u00e9bec (ITAQ), campus de Saint-Hyacinthe, du programme Zootechnologie. Cet honneur lui a \u00e9t\u00e9 accord\u00e9 le 17 janvier dernier \u00e0 l\u2019occasion du 24e d\u00e9jeuner-conf\u00e9rence de l\u2019Association des technologues en agroalimentaire inc. (ATA) qui se d\u00e9roulait \u00e0 Saint-Hyacinthe en marge du Salon de l\u2019agriculture.<\/p>\n\n\n\n<p>Remis chaque ann\u00e9e par l\u2019ATA, le M\u00e9rite technologique agroalimentaire vise \u00e0 rendre hommage \u00e0 une ou \u00e0 un technologue qui, par son travail et par ses r\u00e9alisations, a contribu\u00e9 de mani\u00e8re exceptionnelle au d\u00e9veloppement du secteur agroalimentaire, \u00e0 la promotion de la profession de technologue et de fa\u00e7on g\u00e9n\u00e9rale, au progr\u00e8s de la soci\u00e9t\u00e9 qu\u00e9b\u00e9coise.<\/p>\n\n\n\n<p>Pour visionner le r\u00e9sum\u00e9 de sa vie personnelle et professionnelle :\u00a0<a href=\"https:\/\/youtu.be\/-Ky-yCaT6C4?si=gtBgAZXK-PjfaQP2\" target=\"_blank\" rel=\"noreferrer noopener\">https:\/\/www.youtube.com\/watch?v=-Ky-yCaT6C4<\/a><\/p>\n\n\n\n<figure class=\"wp-block-image size-large\"><a href=\"https:\/\/www.anciensita.ca\/saint-hyacinthe\/wp-content\/uploads\/2024\/02\/ImageYoutubeSandraDagenais.png\" target=\"_blank\" rel=\"noreferrer noopener\"><img loading=\"lazy\" decoding=\"async\" width=\"1024\" height=\"573\" src=\"https:\/\/www.anciensita.ca\/saint-hyacinthe\/wp-content\/uploads\/2024\/02\/ImageYoutubeSandraDagenais-1024x573.png\" alt=\"\" class=\"wp-image-7656\" srcset=\"https:\/\/www.anciensita.ca\/saint-hyacinthe\/wp-content\/uploads\/2024\/02\/ImageYoutubeSandraDagenais-1024x573.png 1024w, https:\/\/www.anciensita.ca\/saint-hyacinthe\/wp-content\/uploads\/2024\/02\/ImageYoutubeSandraDagenais-300x168.png 300w, https:\/\/www.anciensita.ca\/saint-hyacinthe\/wp-content\/uploads\/2024\/02\/ImageYoutubeSandraDagenais-768x430.png 768w, https:\/\/www.anciensita.ca\/saint-hyacinthe\/wp-content\/uploads\/2024\/02\/ImageYoutubeSandraDagenais-1536x859.png 1536w, https:\/\/www.anciensita.ca\/saint-hyacinthe\/wp-content\/uploads\/2024\/02\/ImageYoutubeSandraDagenais-2048x1145.png 2048w, https:\/\/www.anciensita.ca\/saint-hyacinthe\/wp-content\/uploads\/2024\/02\/ImageYoutubeSandraDagenais-600x336.png 600w\" sizes=\"auto, (max-width: 1024px) 100vw, 1024px\" \/><\/a><\/figure>\n\n\n\n<p>Mme Sandra Dagenais entre au service de la Coop\u00e9rative du sud du Qu\u00e9bec \u00e0 Granby d\u2019abord comme commis \u00e0 la meunerie puis comme repr\u00e9sentante secteur laitier et v\u00e9g\u00e9tal. Ensuite, elle passe au service de la Soci\u00e9t\u00e9 coop\u00e9rative agricole de Saint-Damase toujours \u00e0 titre de repr\u00e9sentante auquel s\u2019ajoute, en promotion, le poste de directrice des ventes. Elle d\u00e9cide de relever un nouveau d\u00e9fi en tant que directrice g\u00e9n\u00e9rale de la Soci\u00e9t\u00e9 coop\u00e9rative agricole de Saint-Denis-sur-Richelieu, puis \u00e0 la Soci\u00e9t\u00e9 coop\u00e9rative agricole de Saint-Andr\u00e9 d\u2019Acton.<\/p>\n\n\n\n<p>En 2010 , elle participe \u00e0 une mission au S\u00e9n\u00e9gal pour Socodevi visant \u00e0 former les femmes coop\u00e9ratrices en gouvernance et mise en march\u00e9. En 2011, elle accepte un poste d\u2019enseignante en gestion \u00e0 l\u2019ITAQ campus de Saint-Hyacinthe. Plus tard, elle cesse l\u2019enseignement pour se consacrer au service aux \u00e9tudiants \u00e0 titre d\u2019aide p\u00e9dagogique individuel.<\/p>\n\n\n\n<p>En 2021, elle se joint \u00e0 l\u2019\u00e9quipe du bureau r\u00e9gional du MAPAQ \u00e0 Saint-Hyacinthe et elle y \u0153uvre toujours \u00e0 titre de conseill\u00e8re en transformation alimentaire.<\/p>\n\n\n\n<p>Les personnes qui l\u2019ont c\u00f4toy\u00e9e sont unanimes \u00e0 reconna\u00eetre les qualit\u00e9s humaines de Sandra qui l\u2019ont fait se d\u00e9marquer au niveau du service client et appr\u00e9ci\u00e9 comme collaboratrice \u00e0 toutes les \u00e9tapes de sa carri\u00e8re. Sandra est une femme d\u2019\u00e9quipe ce qui l&rsquo;a amen\u00e9 \u00e0 s\u2019impliquer dans plusieurs comit\u00e9s et organismes comme le comit\u00e9 des directeurs g\u00e9n\u00e9raux des coop\u00e9ratives, le comit\u00e9 Regroupement des forces de ventes du secteur coop\u00e9ratif, l\u2019ATA, le comit\u00e9 de fondation de l\u2019Association des anciens et des anciennes de l\u2019ITAQ campus de Saint-Hyacinthe et le comit\u00e9 de Formation continue de l\u2019OTPQ.<\/p>\n\n\n\n<p>Dans sa vie personnelle, elle a si\u00e9g\u00e9 \u00e0 des comit\u00e9s de parents et les conseils d\u2019\u00e9tablissement des \u00e9coles de ses enfants, de la Troupe Musicophonie de Roxton Pond, tr\u00e9sori\u00e8re et patrouilleuse du Club de 4 roues, et elle a d\u00e9velopp\u00e9 un int\u00e9r\u00eat marqu\u00e9 \u00e0 produire et commercialiser des gourmandises chocolat\u00e9es.<\/p>\n\n\n\n<p>Sandra a re\u00e7u en 2007 le M\u00e9rite \u00c9douard-Brochu remis par l\u2019ITA campus Saint-Hyacinthe \u00e0 une ancienne \u00e9l\u00e8ve qui s\u2019est d\u00e9marqu\u00e9e dans le milieu agricole.<\/p>\n\n\n\n<p>Sandra avec son conjoint Richard et leurs 5 enfants forme une famille unie. Parce-ce qu\u2019elle a incarn\u00e9 dans sa carri\u00e8re l\u2019implication des technologues professionnels en agroalimentaire dans leur milieu, l\u2019Association des technologues en agroalimentaire remet le M\u00e9rite technologique agroalimentaire 2024 \u00e0 Madame Sandra Dagenais.<\/p>\n\n\n\n<figure class=\"wp-block-image size-large\"><a href=\"https:\/\/www.anciensita.ca\/saint-hyacinthe\/wp-content\/uploads\/2024\/02\/2_Portrait-d_anciens-scaled.jpg\"><img loading=\"lazy\" decoding=\"async\" width=\"1024\" height=\"680\" src=\"https:\/\/www.anciensita.ca\/saint-hyacinthe\/wp-content\/uploads\/2024\/02\/2_Portrait-d_anciens-1024x680.jpg\" alt=\"\" class=\"wp-image-7655\" srcset=\"https:\/\/www.anciensita.ca\/saint-hyacinthe\/wp-content\/uploads\/2024\/02\/2_Portrait-d_anciens-1024x680.jpg 1024w, https:\/\/www.anciensita.ca\/saint-hyacinthe\/wp-content\/uploads\/2024\/02\/2_Portrait-d_anciens-300x199.jpg 300w, https:\/\/www.anciensita.ca\/saint-hyacinthe\/wp-content\/uploads\/2024\/02\/2_Portrait-d_anciens-768x510.jpg 768w, https:\/\/www.anciensita.ca\/saint-hyacinthe\/wp-content\/uploads\/2024\/02\/2_Portrait-d_anciens-1536x1020.jpg 1536w, https:\/\/www.anciensita.ca\/saint-hyacinthe\/wp-content\/uploads\/2024\/02\/2_Portrait-d_anciens-2048x1360.jpg 2048w, https:\/\/www.anciensita.ca\/saint-hyacinthe\/wp-content\/uploads\/2024\/02\/2_Portrait-d_anciens-600x399.jpg 600w\" sizes=\"auto, (max-width: 1024px) 100vw, 1024px\" \/><\/a><\/figure>\n\n\n\n<p><em>De gauche \u00e0 droite: Mme Karine Mercier, directrice g\u00e9n\u00e9rale par int\u00e9rim de l\u2019ITAQ, Mme Sandra Dagenais, M\u00e9rite technologique agroalimentaire 2024, Mme Marie-Pierre Grimard, pr\u00e9sidente de l&rsquo;ATA et M. Richard Legendre, pr\u00e9sident de l\u2019OTPQ. Photo : Gaston Dor\u00e9.<\/em><\/p>\n","protected":false},"excerpt":{"rendered":"<p>En partenariat avec l\u2019Association des technologues en agroalimentaire inc. (ATA) Le M\u00e9rite technologique agroalimentaire 2024 a \u00e9t\u00e9 d\u00e9cern\u00e9 \u00e0 Madame Sandra Dagenais, dipl\u00f4m\u00e9e en 1987 de l\u2019Institut de technologie agroalimentaire du Qu\u00e9bec (ITAQ), campus de Saint-Hyacinthe, du programme Zootechnologie. Cet honneur lui a \u00e9t\u00e9 accord\u00e9 le 17 janvier dernier \u00e0 l\u2019occasion du 24e d\u00e9jeuner-conf\u00e9rence de&hellip;&nbsp;<a href=\"https:\/\/www.anciensita.ca\/saint-hyacinthe\/portrait-dancienne-sandra-dagenais\/\" rel=\"bookmark\">Lire la suite &raquo;<span class=\"screen-reader-text\">Portrait d\u2019ancienne &#8211; Sandra Dagenais<\/span><\/a><\/p>\n","protected":false},"author":1,"featured_media":7655,"comment_status":"open","ping_status":"closed","sticky":false,"template":"","format":"standard","meta":{"neve_meta_sidebar":"","neve_meta_container":"","neve_meta_enable_content_width":"","neve_meta_content_width":0,"neve_meta_title_alignment":"","neve_meta_author_avatar":"","neve_post_elements_order":"","neve_meta_disable_header":"","neve_meta_disable_footer":"","neve_meta_disable_title":"","_themeisle_gutenberg_block_has_review":false,"footnotes":""},"categories":[3,38,40],"tags":[],"class_list":["post-7654","post","type-post","status-publish","format-standard","has-post-thumbnail","hentry","category-actualites","category-portrait","category-prix"],"_links":{"self":[{"href":"https:\/\/www.anciensita.ca\/saint-hyacinthe\/wp-json\/wp\/v2\/posts\/7654","targetHints":{"allow":["GET"]}}],"collection":[{"href":"https:\/\/www.anciensita.ca\/saint-hyacinthe\/wp-json\/wp\/v2\/posts"}],"about":[{"href":"https:\/\/www.anciensita.ca\/saint-hyacinthe\/wp-json\/wp\/v2\/types\/post"}],"author":[{"embeddable":true,"href":"https:\/\/www.anciensita.ca\/saint-hyacinthe\/wp-json\/wp\/v2\/users\/1"}],"replies":[{"embeddable":true,"href":"https:\/\/www.anciensita.ca\/saint-hyacinthe\/wp-json\/wp\/v2\/comments?post=7654"}],"version-history":[{"count":1,"href":"https:\/\/www.anciensita.ca\/saint-hyacinthe\/wp-json\/wp\/v2\/posts\/7654\/revisions"}],"predecessor-version":[{"id":7657,"href":"https:\/\/www.anciensita.ca\/saint-hyacinthe\/wp-json\/wp\/v2\/posts\/7654\/revisions\/7657"}],"wp:featuredmedia":[{"embeddable":true,"href":"https:\/\/www.anciensita.ca\/saint-hyacinthe\/wp-json\/wp\/v2\/media\/7655"}],"wp:attachment":[{"href":"https:\/\/www.anciensita.ca\/saint-hyacinthe\/wp-json\/wp\/v2\/media?parent=7654"}],"wp:term":[{"taxonomy":"category","embeddable":true,"href":"https:\/\/www.anciensita.ca\/saint-hyacinthe\/wp-json\/wp\/v2\/categories?post=7654"},{"taxonomy":"post_tag","embeddable":true,"href":"https:\/\/www.anciensita.ca\/saint-hyacinthe\/wp-json\/wp\/v2\/tags?post=7654"}],"curies":[{"name":"wp","href":"https:\/\/api.w.org\/{rel}","templated":true}]}}