{"id":7770,"date":"2024-05-09T19:06:39","date_gmt":"2024-05-10T00:06:39","guid":{"rendered":"https:\/\/www.anciensita.ca\/saint-hyacinthe\/?p=7770"},"modified":"2024-05-09T19:06:44","modified_gmt":"2024-05-10T00:06:44","slug":"portrait-dancien-eric-janelle","status":"publish","type":"post","link":"https:\/\/www.anciensita.ca\/saint-hyacinthe\/portrait-dancien-eric-janelle\/","title":{"rendered":"Portrait d&rsquo;ancien, \u00c9ric Janelle"},"content":{"rendered":"\n<p>Dans sa jeunesse, \u00c9ric Janelle fut en contact avec l\u2019horticulture ornementale puisque ses parents faisaient la production de c\u00e8dres. \u00c0 l&rsquo;\u00e2ge d&rsquo;entrer au c\u00e9gep, il d\u00e9cida de s\u2019inscrire dans le programme de production horticole (TPHE) pour faire plaisir \u00e0 sa famille. Il a tout de m\u00eame pris plaisir \u00e0 en apprendre sur le domaine et il a m\u00eame obtenu un prix lors du Gala M\u00e9ritas pour souligner son adaptation technologique audacieuse dans son projet de fin de session. Il obtint finalement son dipl\u00f4me en 2010, avec la certitude qu\u2019il ferait de ce domaine son m\u00e9tier.<\/p>\n\n\n<figure class=\"alignright wp-block-post-featured-image\"><img loading=\"lazy\" decoding=\"async\" width=\"300\" height=\"300\" src=\"https:\/\/www.anciensita.ca\/saint-hyacinthe\/wp-content\/uploads\/2024\/05\/1_Portrait-d_ancien-1.jpg\" class=\"attachment-post-thumbnail size-post-thumbnail wp-post-image\" alt=\"\" style=\"object-fit:cover;\" srcset=\"https:\/\/www.anciensita.ca\/saint-hyacinthe\/wp-content\/uploads\/2024\/05\/1_Portrait-d_ancien-1.jpg 300w, https:\/\/www.anciensita.ca\/saint-hyacinthe\/wp-content\/uploads\/2024\/05\/1_Portrait-d_ancien-1-150x150.jpg 150w, https:\/\/www.anciensita.ca\/saint-hyacinthe\/wp-content\/uploads\/2024\/05\/1_Portrait-d_ancien-1-100x100.jpg 100w\" sizes=\"auto, (max-width: 300px) 100vw, 300px\" \/><\/figure>\n\n\n<p>Depuis, il a toujours travaill\u00e9 sur l\u2019entreprise familiale tout en acqu\u00e9rant une l\u00e9g\u00e8re exp\u00e9rience sur une ferme laiti\u00e8re et avicole. Depuis d\u00e9j\u00e0 plusieurs ann\u00e9es, il est propri\u00e9taire de la p\u00e9pini\u00e8re qu\u2019il a fait grandir et qu\u2019il a \u00e9galement diversifi\u00e9e afin d\u2019offrir un service cl\u00e9 en main \u00e0 sa client\u00e8le. Son r\u00f4le d\u2019entrepreneur lui permet aujourd\u2019hui de s\u2019impliquer dans diff\u00e9rentes sph\u00e8res de l\u2019entreprise. Il adore faire le suivi des cultures, la gestion des employ\u00e9s et la vente au d\u00e9tail. Il a \u00e9galement le souci de bien faire son travail alors, il a compl\u00e9t\u00e9 plusieurs formations depuis sa sortie de l\u2019ITAQ.<\/p>\n\n\n\n<p>Il est fier de ce qu\u2019il a r\u00e9ussi \u00e0 b\u00e2tir au sein de l\u2019entreprise et il est \u00e9galement tr\u00e8s fier de son noyau familial ainsi que de tous ses employ\u00e9s qui forment une grande famille. \u00c0 court terme, il souhaite d\u00e9velopper un syst\u00e8me agrotouristique novateur dans sa r\u00e9gion, et ce, tout en d\u00e9marrant en amont, une communaut\u00e9 investie dans son motel agricole. Bas\u00e9e \u00e0 Saint-Germain-de-Grantham, la P\u00e9pini\u00e8re Janelle et fils inc. mettra \u00e0 louer et \u00e0 la disposition de futurs entrepreneurs, plusieurs hectares de terres, de la machinerie, le n\u00e9cessaire \u00e0 l\u2019irrigation, une chambre de semis, des tunnels de culture, un acc\u00e8s \u00e0 la client\u00e8le, et bien plus! Son motel agricole r\u00e9pond certainement aux enjeux en lien avec le d\u00e9marrage de la rel\u00e8ve tels que l\u2019acc\u00e8s \u00e0 la terre, les difficult\u00e9s de commercialisation ainsi que la mise en commun des ressources et des connaissances.<\/p>\n\n\n\n<p>Il se souvient de son passage \u00e0 l\u2019ITAQ comme \u00e9tant tr\u00e8s positif puisqu\u2019il appr\u00e9ciait r\u00e9aliser des projets en \u00e9quipe et \u00eatre entour\u00e9 d\u2019une communaut\u00e9 de gens investis. Nous souhaitons \u00e0 \u00c9ric Janelle de pouvoir retrouver ce sentiment de solidarit\u00e9 et d\u2019entraide avec les gens qui participeront \u00e0 la r\u00e9alisation de son projet de motel agricole. Bon succ\u00e8s!<\/p>\n","protected":false},"excerpt":{"rendered":"<p>Dans sa jeunesse, \u00c9ric Janelle fut en contact avec l\u2019horticulture ornementale puisque ses parents faisaient la production de c\u00e8dres. \u00c0 l&rsquo;\u00e2ge d&rsquo;entrer au c\u00e9gep, il d\u00e9cida de s\u2019inscrire dans le programme de production horticole (TPHE) pour faire plaisir \u00e0 sa famille. Il a tout de m\u00eame pris plaisir \u00e0 en apprendre sur le domaine et&hellip;&nbsp;<a href=\"https:\/\/www.anciensita.ca\/saint-hyacinthe\/portrait-dancien-eric-janelle\/\" rel=\"bookmark\">Lire la suite &raquo;<span class=\"screen-reader-text\">Portrait d&rsquo;ancien, \u00c9ric Janelle<\/span><\/a><\/p>\n","protected":false},"author":1,"featured_media":7772,"comment_status":"open","ping_status":"closed","sticky":false,"template":"","format":"standard","meta":{"neve_meta_sidebar":"","neve_meta_container":"","neve_meta_enable_content_width":"","neve_meta_content_width":0,"neve_meta_title_alignment":"","neve_meta_author_avatar":"","neve_post_elements_order":"[\"title\",\"meta\",\"content\",\"tags\",\"comments\"]","neve_meta_disable_header":"","neve_meta_disable_footer":"","neve_meta_disable_title":"","_themeisle_gutenberg_block_has_review":false,"footnotes":""},"categories":[3,38],"tags":[],"class_list":["post-7770","post","type-post","status-publish","format-standard","has-post-thumbnail","hentry","category-actualites","category-portrait"],"_links":{"self":[{"href":"https:\/\/www.anciensita.ca\/saint-hyacinthe\/wp-json\/wp\/v2\/posts\/7770","targetHints":{"allow":["GET"]}}],"collection":[{"href":"https:\/\/www.anciensita.ca\/saint-hyacinthe\/wp-json\/wp\/v2\/posts"}],"about":[{"href":"https:\/\/www.anciensita.ca\/saint-hyacinthe\/wp-json\/wp\/v2\/types\/post"}],"author":[{"embeddable":true,"href":"https:\/\/www.anciensita.ca\/saint-hyacinthe\/wp-json\/wp\/v2\/users\/1"}],"replies":[{"embeddable":true,"href":"https:\/\/www.anciensita.ca\/saint-hyacinthe\/wp-json\/wp\/v2\/comments?post=7770"}],"version-history":[{"count":2,"href":"https:\/\/www.anciensita.ca\/saint-hyacinthe\/wp-json\/wp\/v2\/posts\/7770\/revisions"}],"predecessor-version":[{"id":7774,"href":"https:\/\/www.anciensita.ca\/saint-hyacinthe\/wp-json\/wp\/v2\/posts\/7770\/revisions\/7774"}],"wp:featuredmedia":[{"embeddable":true,"href":"https:\/\/www.anciensita.ca\/saint-hyacinthe\/wp-json\/wp\/v2\/media\/7772"}],"wp:attachment":[{"href":"https:\/\/www.anciensita.ca\/saint-hyacinthe\/wp-json\/wp\/v2\/media?parent=7770"}],"wp:term":[{"taxonomy":"category","embeddable":true,"href":"https:\/\/www.anciensita.ca\/saint-hyacinthe\/wp-json\/wp\/v2\/categories?post=7770"},{"taxonomy":"post_tag","embeddable":true,"href":"https:\/\/www.anciensita.ca\/saint-hyacinthe\/wp-json\/wp\/v2\/tags?post=7770"}],"curies":[{"name":"wp","href":"https:\/\/api.w.org\/{rel}","templated":true}]}}